{"id":245,"date":"2014-06-08T23:58:26","date_gmt":"2014-06-08T23:58:26","guid":{"rendered":"http:\/\/www.mimosart.com.br\/wp2\/?p=245"},"modified":"2014-06-08T23:58:26","modified_gmt":"2014-06-08T23:58:26","slug":"copa-do-brasil","status":"publish","type":"post","link":"https:\/\/www.mimosart.com.br\/wp2\/copa-do-brasil\/","title":{"rendered":"Copa do Brasil"},"content":{"rendered":"<p><img decoding=\"async\" loading=\"lazy\" class=\"aligncenter\" alt=\"\" src=\"https:\/\/farm4.staticflickr.com\/3840\/14191309368_6fb1f4d557.jpg\" width=\"498\" height=\"500\" \/><br \/>\nEsse desenho \u00e9 do meu filho Enzo, que tem somente 5 aninhos, feito na semana passada.<br \/>\nEu n\u00e3o estava nada preocupada com a Copa do Mundo pois estou focada no meu trabalho e fam\u00edlia. Havia prometido que n\u00e3o falaria e n\u00e3o daria minha opini\u00e3o sobre esse assunto ou qualquer outro relacionado a pol\u00edtica at\u00e9 ele fazer esse desenho.<br \/>\nMas depois de ver esse desenho, pensei, refleti e cheguei a conclus\u00e3o que sou cidad\u00e3 e tenho que tentar ajudar.<br \/>\nAcredito que ningu\u00e9m tem o direito de acabar com esse evento gigante, que faz tantas pessoas e crian\u00e7as torcerem e acreditar.<br \/>\nEsse n\u00e3o \u00e9 um evento brasileiro, \u00e9 um evento do mundo. Gostaria de deixar registrado que vandalismo \u00e9 crime e quem comete tem que ser punido.<br \/>\nPara os que tem desejo de mudan\u00e7a, esse \u00e9 um excelente momento para se envolver com a pol\u00edtica, todos n\u00f3s podemos tentar fazer um amanh\u00e3 diferente. Toda cidade tem programas, ong, institui\u00e7\u00f5es governamentais ou n\u00e3o que nos d\u00e3o a chance de se envolver com a pol\u00edtica. N\u00e3o precisa se candidatar a vereador, s\u00f3 \u00e9 necess\u00e1rio se informar.<br \/>\nMeu filho estuda em uma escola p\u00fablica. Moramos no interior, onde a educa\u00e7\u00e3o prim\u00e1ria \u00e9 de responsabilidade municipal e de mais qualidade.\u00a0Para garantir que esse ensino seja de qualidade, eu participo da associa\u00e7\u00e3o de pais da escola e sou vice-presidente do Fundeb que fiscaliza todos os gastos da educa\u00e7\u00e3o no meu Munic\u00edpio.<br \/>\nParece complicado, mas n\u00e3o \u00e9, para ser sincera \u00e9 bem simples e quando eu discordo de algo tento mudar.<br \/>\nS\u00f3 estou contando para que todas as mam\u00e3es que acompanham nosso ateli\u00ea consigam perceber que \u00e9 importante se envolver de verdade e sem medo.<br \/>\nAssim n\u00f3s teremos um futuro melhor e mais digno para nossas crian\u00e7as.<br \/>\nAgora vamos levantar a bandeira da paz e vamos deixar nossas crian\u00e7as curtirem essa Copa no pa\u00eds que \u00e9 deles.<br \/>\n#copalegal quem sugeriu foi meu filho, orgulho da m\u00e3e, que com essa idade j\u00e1 est\u00e1 me dando aula de como ser cidad\u00e3.<\/p>\n<p>Michele<\/p>\n","protected":false},"excerpt":{"rendered":"<p>Esse desenho \u00e9 do meu filho Enzo, que tem somente 5 aninhos, feito na semana passada. Eu n\u00e3o estava nada preocupada com a Copa do Mundo pois estou&#8230;<\/p>\n","protected":false},"author":1,"featured_media":0,"comment_status":"open","ping_status":"open","sticky":false,"template":"","format":"standard","meta":[],"categories":[1],"tags":[],"_links":{"self":[{"href":"https:\/\/www.mimosart.com.br\/wp2\/wp-json\/wp\/v2\/posts\/245"}],"collection":[{"href":"https:\/\/www.mimosart.com.br\/wp2\/wp-json\/wp\/v2\/posts"}],"about":[{"href":"https:\/\/www.mimosart.com.br\/wp2\/wp-json\/wp\/v2\/types\/post"}],"author":[{"embeddable":true,"href":"https:\/\/www.mimosart.com.br\/wp2\/wp-json\/wp\/v2\/users\/1"}],"replies":[{"embeddable":true,"href":"https:\/\/www.mimosart.com.br\/wp2\/wp-json\/wp\/v2\/comments?post=245"}],"version-history":[{"count":3,"href":"https:\/\/www.mimosart.com.br\/wp2\/wp-json\/wp\/v2\/posts\/245\/revisions"}],"predecessor-version":[{"id":248,"href":"https:\/\/www.mimosart.com.br\/wp2\/wp-json\/wp\/v2\/posts\/245\/revisions\/248"}],"wp:attachment":[{"href":"https:\/\/www.mimosart.com.br\/wp2\/wp-json\/wp\/v2\/media?parent=245"}],"wp:term":[{"taxonomy":"category","embeddable":true,"href":"https:\/\/www.mimosart.com.br\/wp2\/wp-json\/wp\/v2\/categories?post=245"},{"taxonomy":"post_tag","embeddable":true,"href":"https:\/\/www.mimosart.com.br\/wp2\/wp-json\/wp\/v2\/tags?post=245"}],"curies":[{"name":"wp","href":"https:\/\/api.w.org\/{rel}","templated":true}]}}